{"id":1152,"date":"2021-02-24T15:56:00","date_gmt":"2021-02-24T14:56:00","guid":{"rendered":"https:\/\/shopboard.pl\/?p=1152"},"modified":"2021-02-25T15:54:04","modified_gmt":"2021-02-25T14:54:04","slug":"10-marca-dzien-mezczyzn","status":"publish","type":"post","link":"https:\/\/shopboard.pl\/index.php\/2021\/02\/24\/10-marca-dzien-mezczyzn\/","title":{"rendered":"10 MARCA DZIE\u0143 M\u0118\u017bCZYZN"},"content":{"rendered":"\t\t<div data-elementor-type=\"wp-post\" data-elementor-id=\"1152\" class=\"elementor elementor-1152\">\n\t\t\t\t\t\t<section class=\"elementor-section elementor-top-section elementor-element elementor-element-79982939 elementor-section-full_width elementor-section-content-middle elementor-section-stretched elementor-section-height-default elementor-section-height-default\" data-id=\"79982939\" data-element_type=\"section\" data-e-type=\"section\" data-settings=\"{&quot;stretch_section&quot;:&quot;section-stretched&quot;}\">\n\t\t\t\t\t\t<div class=\"elementor-container elementor-column-gap-no\">\n\t\t\t\t\t<div class=\"elementor-column elementor-col-50 elementor-top-column elementor-element elementor-element-5761b238\" data-id=\"5761b238\" data-element_type=\"column\" data-e-type=\"column\" data-settings=\"{&quot;background_background&quot;:&quot;classic&quot;}\">\n\t\t\t<div class=\"elementor-widget-wrap elementor-element-populated\">\n\t\t\t\t\t<div class=\"elementor-background-overlay\"><\/div>\n\t\t\t\t\t\t<div class=\"elementor-element elementor-element-db76535 elementor-widget elementor-widget-heading\" data-id=\"db76535\" data-element_type=\"widget\" data-e-type=\"widget\" data-widget_type=\"heading.default\">\n\t\t\t\t<div class=\"elementor-widget-container\">\n\t\t\t\t\t<h1 class=\"elementor-heading-title elementor-size-default\"><b>DZIE\u0143 M\u0118\u017bCZYZN <\/b><br> 10 MARCA <\/h1>\t\t\t\t<\/div>\n\t\t\t\t<\/div>\n\t\t\t\t\t<\/div>\n\t\t<\/div>\n\t\t\t\t<div class=\"elementor-column elementor-col-50 elementor-top-column elementor-element elementor-element-18f9119\" data-id=\"18f9119\" data-element_type=\"column\" data-e-type=\"column\">\n\t\t\t<div class=\"elementor-widget-wrap elementor-element-populated\">\n\t\t\t\t\t\t<div class=\"elementor-element elementor-element-7baab693 elementor-widget elementor-widget-text-editor\" data-id=\"7baab693\" data-element_type=\"widget\" data-e-type=\"widget\" data-widget_type=\"text-editor.default\">\n\t\t\t\t<div class=\"elementor-widget-container\">\n\t\t\t\t\t\t\t\t\t<p>Dzie\u0144 M\u0119\u017cczyzn w Polsce obchodzimy dwa dni po Dniu Kobiet, czyli 10 marca. Data ta jednak nie jest przypadkowa, a mianowicie ma zwi\u0105zek z obchodzonym tego dnia w ko\u015bciele katolickim wspomnieniem 40 \u015awi\u0119tych M\u0119czennik\u00f3w z Sebasty. Wspominani m\u0119\u017cczy\u017ani zgin\u0119li w ko\u015bciele w 320 roku, poniewa\u017c nie chcieli wyrzec si\u0119 Chrystusa i oddawa\u0107 czci b\u00f3stwom.<\/p>\t\t\t\t\t\t\t\t<\/div>\n\t\t\t\t<\/div>\n\t\t\t\t<div class=\"elementor-element elementor-element-65495f2b elementor-widget elementor-widget-text-editor\" data-id=\"65495f2b\" data-element_type=\"widget\" data-e-type=\"widget\" data-widget_type=\"text-editor.default\">\n\t\t\t\t<div class=\"elementor-widget-container\">\n\t\t\t\t\t\t\t\t\t<p>10 marca nie jest jednak jedyn\u0105 dat\u0105, w kt\u00f3rej mo\u017cna obchodzi\u0107 Dzie\u0144 M\u0119\u017cczyzn. ONZ ustali\u0142o dat\u0119 tego \u015bwi\u0119ta na 19 listopada, tego dnia \u015bwi\u0119tuj\u0105 panowie we W\u0142oszech, Wielkiej Brytanii, Indiach, Kanadzie, Australii, Holandii, USA, RPA.<\/p><p>Natomiast na terenie by\u0142ego ZSRR na Dzie\u0144 M\u0119\u017cczyzn przyj\u0119\u0142a si\u0119 data 23 lutego. Historia tego \u015bwi\u0119ta si\u0119ga do czas\u00f3w wojennych, tego dnia mieszka\u0144cy obchodzili Dzie\u0144 Armii Czerwonej i Marynarki Wojennej (w Rosji jest to Dzie\u0144 Obro\u0144cy Ojczyzny). Obecnie oficjalnie lub nieoficjalnie w lutym swoje \u015bwi\u0119to obchodz\u0105 m\u0119\u017cczy\u017ani w: Kazachstanie, Armenii, Estonii, \u0141otwie i na Ukrainie.<\/p>\t\t\t\t\t\t\t\t<\/div>\n\t\t\t\t<\/div>\n\t\t\t\t<div class=\"elementor-element elementor-element-193acc5e elementor-widget elementor-widget-text-editor\" data-id=\"193acc5e\" data-element_type=\"widget\" data-e-type=\"widget\" data-widget_type=\"text-editor.default\">\n\t\t\t\t<div class=\"elementor-widget-container\">\n\t\t\t\t\t\t\t\t\t<p>W przeciwie\u0144stwie do Dnia Kobiet, Dzie\u0144 M\u0119\u017cczyzn w Polsce nie jest a\u017c tak popularnym \u015bwi\u0119tem i obchodzony jest przez nieliczne osoby. Polacy znacznie cz\u0119\u015bciej \u015bwi\u0119tuj\u0105 30 wrze\u015bnia, czyli w Dzie\u0144 Ch\u0142opaka. Jednak coraz cz\u0119\u015bciej nasi Panowie decyduj\u0105 si\u0119 na celebrowanie tego dnia w marcu, dlatego Dzie\u0144 M\u0119\u017cczyzny z ka\u017cdym rokiem cieszy si\u0119 coraz wi\u0119ksz\u0105 popularno\u015bci\u0105.<\/p>\t\t\t\t\t\t\t\t<\/div>\n\t\t\t\t<\/div>\n\t\t\t\t\t<\/div>\n\t\t<\/div>\n\t\t\t\t\t<\/div>\n\t\t<\/section>\n\t\t\t\t<section class=\"elementor-section elementor-top-section elementor-element elementor-element-36a3305 elementor-section-boxed elementor-section-height-default elementor-section-height-default\" data-id=\"36a3305\" data-element_type=\"section\" data-e-type=\"section\">\n\t\t\t\t\t\t<div class=\"elementor-container elementor-column-gap-default\">\n\t\t\t\t\t<div class=\"elementor-column elementor-col-100 elementor-top-column elementor-element elementor-element-937a7aa\" data-id=\"937a7aa\" data-element_type=\"column\" data-e-type=\"column\">\n\t\t\t<div class=\"elementor-widget-wrap elementor-element-populated\">\n\t\t\t\t\t\t<div class=\"elementor-element elementor-element-da9f43b elementor-widget elementor-widget-text-editor\" data-id=\"da9f43b\" data-element_type=\"widget\" data-e-type=\"widget\" data-widget_type=\"text-editor.default\">\n\t\t\t\t<div class=\"elementor-widget-container\">\n\t\t\t\t\t\t\t\t\t<p>Sprawdzili\u015bmy, jak \u015bwi\u0119to komentuj\u0105 polskie internautki i jak oceniaj\u0105 swoich m\u0119\u017cczyzn. Pomys\u0142\u00f3w na prezenty na pewno nie brakuje, ale tak\u017ce teorii na temat ich \u015bwi\u0119ta. Internauci po raz kolejny udowodnili, \u017ce nie zawodz\u0105 i komentuj\u0105 rzeczywisto\u015b\u0107 za pomoc\u0105 mem\u00f3w. Zobaczcie sami jak wygl\u0105da Dzie\u0144 M\u0119\u017cczyzn w oczach internaut\u00f3w.<\/p>\t\t\t\t\t\t\t\t<\/div>\n\t\t\t\t<\/div>\n\t\t\t\t\t<\/div>\n\t\t<\/div>\n\t\t\t\t\t<\/div>\n\t\t<\/section>\n\t\t\t\t<section class=\"elementor-section elementor-top-section elementor-element elementor-element-ed19ee7 elementor-section-boxed elementor-section-height-default elementor-section-height-default\" data-id=\"ed19ee7\" data-element_type=\"section\" data-e-type=\"section\">\n\t\t\t\t\t\t<div class=\"elementor-container elementor-column-gap-default\">\n\t\t\t\t\t<div class=\"elementor-column elementor-col-100 elementor-top-column elementor-element elementor-element-df18ed3\" data-id=\"df18ed3\" data-element_type=\"column\" data-e-type=\"column\">\n\t\t\t<div class=\"elementor-widget-wrap elementor-element-populated\">\n\t\t\t\t\t\t<div class=\"elementor-element elementor-element-16b1684 elementor-pagination-position-inside elementor-arrows-position-inside elementor-widget elementor-widget-image-carousel\" data-id=\"16b1684\" data-element_type=\"widget\" data-e-type=\"widget\" data-settings=\"{&quot;slides_to_show&quot;:&quot;1&quot;,&quot;autoplay&quot;:&quot;no&quot;,&quot;navigation&quot;:&quot;both&quot;,&quot;infinite&quot;:&quot;yes&quot;,&quot;effect&quot;:&quot;slide&quot;,&quot;speed&quot;:500}\" data-widget_type=\"image-carousel.default\">\n\t\t\t\t<div class=\"elementor-widget-container\">\n\t\t\t\t\t\t\t<div class=\"elementor-image-carousel-wrapper swiper\" role=\"region\" aria-roledescription=\"carousel\" aria-label=\"Karuzela obrazk\u00f3w\" dir=\"ltr\">\n\t\t\t<div class=\"elementor-image-carousel swiper-wrapper\" aria-live=\"polite\">\n\t\t\t\t\t\t\t\t<div class=\"swiper-slide\" role=\"group\" aria-roledescription=\"slide\" aria-label=\"1 z 12\"><figure class=\"swiper-slide-inner\"><img decoding=\"async\" class=\"swiper-slide-image\" src=\"https:\/\/shopboard.pl\/wp-content\/uploads\/2021\/02\/dzien-mezczyzn-13.jpg\" alt=\"\u0179r\u00f3d\u0142o: memy.pl\" \/><figcaption class=\"elementor-image-carousel-caption\">\u0179r\u00f3d\u0142o: memy.pl<\/figcaption><\/figure><\/div><div class=\"swiper-slide\" role=\"group\" aria-roledescription=\"slide\" aria-label=\"2 z 12\"><figure class=\"swiper-slide-inner\"><img decoding=\"async\" class=\"swiper-slide-image\" src=\"https:\/\/shopboard.pl\/wp-content\/uploads\/2021\/02\/dzien-mezczyzn-10.jpg\" alt=\"\u0179r\u00f3d\u0142o: kwejk.pl\" \/><figcaption class=\"elementor-image-carousel-caption\">\u0179r\u00f3d\u0142o: kwejk.pl<\/figcaption><\/figure><\/div><div class=\"swiper-slide\" role=\"group\" aria-roledescription=\"slide\" aria-label=\"3 z 12\"><figure class=\"swiper-slide-inner\"><img decoding=\"async\" class=\"swiper-slide-image\" src=\"https:\/\/shopboard.pl\/wp-content\/uploads\/2021\/02\/dzien-mezczyzn-2.jpg\" alt=\"\u0179r\u00f3d\u0142o: demotywatory.pl\" \/><figcaption class=\"elementor-image-carousel-caption\">\u0179r\u00f3d\u0142o: demotywatory.pl<\/figcaption><\/figure><\/div><div class=\"swiper-slide\" role=\"group\" aria-roledescription=\"slide\" aria-label=\"4 z 12\"><figure class=\"swiper-slide-inner\"><img decoding=\"async\" class=\"swiper-slide-image\" src=\"https:\/\/shopboard.pl\/wp-content\/uploads\/2021\/02\/dzien-mezczyzn-1.jpg\" alt=\"\u0179r\u00f3d\u0142o: demotywatory.pl\" \/><figcaption class=\"elementor-image-carousel-caption\">\u0179r\u00f3d\u0142o: demotywatory.pl<\/figcaption><\/figure><\/div><div class=\"swiper-slide\" role=\"group\" aria-roledescription=\"slide\" aria-label=\"5 z 12\"><figure class=\"swiper-slide-inner\"><img decoding=\"async\" class=\"swiper-slide-image\" src=\"https:\/\/shopboard.pl\/wp-content\/uploads\/2021\/02\/dzien-mezczyzn-3.jpg\" alt=\"\u0179r\u00f3d\u0142o: demotywatory.pl\" \/><figcaption class=\"elementor-image-carousel-caption\">\u0179r\u00f3d\u0142o: demotywatory.pl<\/figcaption><\/figure><\/div><div class=\"swiper-slide\" role=\"group\" aria-roledescription=\"slide\" aria-label=\"6 z 12\"><figure class=\"swiper-slide-inner\"><img decoding=\"async\" class=\"swiper-slide-image\" src=\"https:\/\/shopboard.pl\/wp-content\/uploads\/2021\/02\/dzien-mezczyzn-11.jpg\" alt=\"\u0179r\u00f3d\u0142o: kwejk.pl\" \/><figcaption class=\"elementor-image-carousel-caption\">\u0179r\u00f3d\u0142o: kwejk.pl<\/figcaption><\/figure><\/div><div class=\"swiper-slide\" role=\"group\" aria-roledescription=\"slide\" aria-label=\"7 z 12\"><figure class=\"swiper-slide-inner\"><img decoding=\"async\" class=\"swiper-slide-image\" src=\"https:\/\/shopboard.pl\/wp-content\/uploads\/2021\/02\/dzien-mezczyzn-4.jpg\" alt=\"\u0179r\u00f3d\u0142o: demotywatory.pl\" \/><figcaption class=\"elementor-image-carousel-caption\">\u0179r\u00f3d\u0142o: demotywatory.pl<\/figcaption><\/figure><\/div><div class=\"swiper-slide\" role=\"group\" aria-roledescription=\"slide\" aria-label=\"8 z 12\"><figure class=\"swiper-slide-inner\"><img decoding=\"async\" class=\"swiper-slide-image\" src=\"https:\/\/shopboard.pl\/wp-content\/uploads\/2021\/02\/dzien-mezczyzn-5.jpg\" alt=\"\u0179r\u00f3d\u0142o: demotywatory.pl\" \/><figcaption class=\"elementor-image-carousel-caption\">\u0179r\u00f3d\u0142o: demotywatory.pl<\/figcaption><\/figure><\/div><div class=\"swiper-slide\" role=\"group\" aria-roledescription=\"slide\" aria-label=\"9 z 12\"><figure class=\"swiper-slide-inner\"><img decoding=\"async\" class=\"swiper-slide-image\" src=\"https:\/\/shopboard.pl\/wp-content\/uploads\/2021\/02\/dzien-mezczyzn-6.jpg\" alt=\"\u0179r\u00f3d\u0142o: demotywatory.pl\" \/><figcaption class=\"elementor-image-carousel-caption\">\u0179r\u00f3d\u0142o: demotywatory.pl<\/figcaption><\/figure><\/div><div class=\"swiper-slide\" role=\"group\" aria-roledescription=\"slide\" aria-label=\"10 z 12\"><figure class=\"swiper-slide-inner\"><img decoding=\"async\" class=\"swiper-slide-image\" src=\"https:\/\/shopboard.pl\/wp-content\/uploads\/2021\/02\/dzien-mezczyzn-8.jpg\" alt=\"\u0179r\u00f3d\u0142o: demotywatory.pl\" \/><figcaption class=\"elementor-image-carousel-caption\">\u0179r\u00f3d\u0142o: demotywatory.pl<\/figcaption><\/figure><\/div><div class=\"swiper-slide\" role=\"group\" aria-roledescription=\"slide\" aria-label=\"11 z 12\"><figure class=\"swiper-slide-inner\"><img decoding=\"async\" class=\"swiper-slide-image\" src=\"https:\/\/shopboard.pl\/wp-content\/uploads\/2021\/02\/dzien-mezczyzn-9.jpg\" alt=\"\u0179r\u00f3d\u0142o: demotywatory.pl\" \/><figcaption class=\"elementor-image-carousel-caption\">\u0179r\u00f3d\u0142o: demotywatory.pl<\/figcaption><\/figure><\/div><div class=\"swiper-slide\" role=\"group\" aria-roledescription=\"slide\" aria-label=\"12 z 12\"><figure class=\"swiper-slide-inner\"><img decoding=\"async\" class=\"swiper-slide-image\" src=\"https:\/\/shopboard.pl\/wp-content\/uploads\/2021\/02\/dzien-mezczyzn-12.jpg\" alt=\"\u0179r\u00f3d\u0142o: demotywatory.pl\" \/><figcaption class=\"elementor-image-carousel-caption\">\u0179r\u00f3d\u0142o: demotywatory.pl<\/figcaption><\/figure><\/div>\t\t\t<\/div>\n\t\t\t\t\t\t\t\t\t\t\t\t<div class=\"elementor-swiper-button elementor-swiper-button-prev\" role=\"button\" tabindex=\"0\">\n\t\t\t\t\t\t<i aria-hidden=\"true\" class=\"eicon-chevron-left\"><\/i>\t\t\t\t\t<\/div>\n\t\t\t\t\t<div class=\"elementor-swiper-button elementor-swiper-button-next\" role=\"button\" tabindex=\"0\">\n\t\t\t\t\t\t<i aria-hidden=\"true\" class=\"eicon-chevron-right\"><\/i>\t\t\t\t\t<\/div>\n\t\t\t\t\n\t\t\t\t\t\t\t\t\t<div class=\"swiper-pagination\"><\/div>\n\t\t\t\t\t\t\t\t\t<\/div>\n\t\t\t\t\t\t<\/div>\n\t\t\t\t<\/div>\n\t\t\t\t\t<\/div>\n\t\t<\/div>\n\t\t\t\t\t<\/div>\n\t\t<\/section>\n\t\t\t\t<\/div>\n\t\t","protected":false},"excerpt":{"rendered":"<p>DZIE\u0143 M\u0118\u017bCZYZN 10 MARCA Dzie\u0144 M\u0119\u017cczyzn w Polsce obchodzimy dwa dni po Dniu Kobiet, czyli 10 marca. Data ta jednak nie jest przypadkowa, a mianowicie ma zwi\u0105zek z obchodzonym tego dnia w ko\u015bciele katolickim wspomnieniem 40 \u015awi\u0119tych M\u0119czennik\u00f3w z Sebasty. Wspominani m\u0119\u017cczy\u017ani zgin\u0119li w ko\u015bciele w 320 roku, poniewa\u017c nie chcieli wyrzec si\u0119 Chrystusa i&hellip;&nbsp;<a href=\"https:\/\/shopboard.pl\/index.php\/2021\/02\/24\/10-marca-dzien-mezczyzn\/\" class=\"\" rel=\"bookmark\">Czytaj dalej &raquo;<span class=\"screen-reader-text\">10 MARCA DZIE\u0143 M\u0118\u017bCZYZN<\/span><\/a><\/p>\n","protected":false},"author":1,"featured_media":0,"comment_status":"closed","ping_status":"open","sticky":false,"template":"elementor_header_footer","format":"standard","meta":{"neve_meta_sidebar":"","neve_meta_container":"","neve_meta_enable_content_width":"","neve_meta_content_width":0,"neve_meta_title_alignment":"","neve_meta_author_avatar":"","neve_post_elements_order":"","neve_meta_disable_header":"","neve_meta_disable_footer":"","neve_meta_disable_title":"","footnotes":""},"categories":[1],"tags":[],"class_list":["post-1152","post","type-post","status-publish","format-standard","hentry","category-non-classe"],"_links":{"self":[{"href":"https:\/\/shopboard.pl\/index.php\/wp-json\/wp\/v2\/posts\/1152","targetHints":{"allow":["GET"]}}],"collection":[{"href":"https:\/\/shopboard.pl\/index.php\/wp-json\/wp\/v2\/posts"}],"about":[{"href":"https:\/\/shopboard.pl\/index.php\/wp-json\/wp\/v2\/types\/post"}],"author":[{"embeddable":true,"href":"https:\/\/shopboard.pl\/index.php\/wp-json\/wp\/v2\/users\/1"}],"replies":[{"embeddable":true,"href":"https:\/\/shopboard.pl\/index.php\/wp-json\/wp\/v2\/comments?post=1152"}],"version-history":[{"count":30,"href":"https:\/\/shopboard.pl\/index.php\/wp-json\/wp\/v2\/posts\/1152\/revisions"}],"predecessor-version":[{"id":1217,"href":"https:\/\/shopboard.pl\/index.php\/wp-json\/wp\/v2\/posts\/1152\/revisions\/1217"}],"wp:attachment":[{"href":"https:\/\/shopboard.pl\/index.php\/wp-json\/wp\/v2\/media?parent=1152"}],"wp:term":[{"taxonomy":"category","embeddable":true,"href":"https:\/\/shopboard.pl\/index.php\/wp-json\/wp\/v2\/categories?post=1152"},{"taxonomy":"post_tag","embeddable":true,"href":"https:\/\/shopboard.pl\/index.php\/wp-json\/wp\/v2\/tags?post=1152"}],"curies":[{"name":"wp","href":"https:\/\/api.w.org\/{rel}","templated":true}]}}